{"id":11442,"date":"2026-03-10T23:11:48","date_gmt":"2026-03-10T22:11:48","guid":{"rendered":"https:\/\/grg21oe.at\/?p=11442"},"modified":"2026-03-11T00:33:58","modified_gmt":"2026-03-10T23:33:58","slug":"gips-giessen-in-der-kreativnabe","status":"publish","type":"post","link":"https:\/\/grg21oe.at\/?p=11442","title":{"rendered":"Gips gie\u00dfen in der Kreativnabe"},"content":{"rendered":"<style type=\"text\/css\"><\/style><h4 style=\"text-align: center;\"><strong>Gips gie\u00dfen in der Kreativnabe<\/strong><\/h4>\n<p style=\"text-align: center;\"><img fetchpriority=\"high\" decoding=\"async\" class=\"aligncenter wp-image-11446\" src=\"https:\/\/grg21oe.at\/wp-content\/uploads\/2026\/03\/IMG_8652-300x169.jpeg\" alt=\"\" width=\"375\" height=\"211\" srcset=\"https:\/\/grg21oe.at\/wp-content\/uploads\/2026\/03\/IMG_8652-300x169.jpeg 300w, https:\/\/grg21oe.at\/wp-content\/uploads\/2026\/03\/IMG_8652-1024x576.jpeg 1024w, https:\/\/grg21oe.at\/wp-content\/uploads\/2026\/03\/IMG_8652-768x432.jpeg 768w, https:\/\/grg21oe.at\/wp-content\/uploads\/2026\/03\/IMG_8652-1536x864.jpeg 1536w, https:\/\/grg21oe.at\/wp-content\/uploads\/2026\/03\/IMG_8652-2048x1152.jpeg 2048w, https:\/\/grg21oe.at\/wp-content\/uploads\/2026\/03\/IMG_8652-580x326.jpeg 580w, https:\/\/grg21oe.at\/wp-content\/uploads\/2026\/03\/IMG_8652-820x461.jpeg 820w, https:\/\/grg21oe.at\/wp-content\/uploads\/2026\/03\/IMG_8652-1160x653.jpeg 1160w\" sizes=\"(max-width: 375px) 100vw, 375px\" \/><\/p>\n<p style=\"text-align: center;\">Im Rahmen des Unterrichts in der Kreativnabe besch\u00e4ftigten wir uns mit dem Thema \u201eGips gie\u00dfen\u201c Unter der Anleitung von Prof. Micheli lernten wir zun\u00e4chst das richtige Mischverh\u00e4ltnis von Gips und Wasser sowie den sorgf\u00e4ltigen Umgang mit Formen.<\/p>\n<p style=\"text-align: center;\">Ein besonderer Schwerpunkt lag auf dem Einf\u00e4rben des Gipses. Durch das Beimischen von Pigmenten konnten wir individuelle Farbt\u00f6ne herstellen und kreative Gestaltungsm\u00f6glichkeiten ausprobieren. Dabei erfuhren wir, wie sich unterschiedliche Farbintensit\u00e4ten auf das Endergebnis auswirken.<\/p>\n<p style=\"text-align: center;\">Im Laufe des Projekts entstanden bereits viele gelungene Werkst\u00fccke, darunter Becher, Stifthalter, Kerzenhalter und Schmuckschatullen. Die Arbeit erforderte Genauigkeit, Geduld und sauberes Arbeiten, bot aber gleichzeitig viel Raum f\u00fcr eigene Ideen.<\/p>\n<p style=\"text-align: center;\">Das Projekt zeigte uns, wie vielseitig und spannend die Arbeit mit Gips sein kann, und wir sind stolz auf die erzielten Ergebnisse.<\/p>\n<p style=\"text-align: center;\"><img decoding=\"async\" class=\"alignnone wp-image-11443\" src=\"https:\/\/grg21oe.at\/wp-content\/uploads\/2026\/03\/IMG_8643-169x300.jpeg\" alt=\"\" width=\"200\" height=\"356\" srcset=\"https:\/\/grg21oe.at\/wp-content\/uploads\/2026\/03\/IMG_8643-169x300.jpeg 169w, https:\/\/grg21oe.at\/wp-content\/uploads\/2026\/03\/IMG_8643-576x1024.jpeg 576w, https:\/\/grg21oe.at\/wp-content\/uploads\/2026\/03\/IMG_8643-768x1365.jpeg 768w, https:\/\/grg21oe.at\/wp-content\/uploads\/2026\/03\/IMG_8643-864x1536.jpeg 864w, https:\/\/grg21oe.at\/wp-content\/uploads\/2026\/03\/IMG_8643-1152x2048.jpeg 1152w, https:\/\/grg21oe.at\/wp-content\/uploads\/2026\/03\/IMG_8643-580x1031.jpeg 580w, https:\/\/grg21oe.at\/wp-content\/uploads\/2026\/03\/IMG_8643-820x1458.jpeg 820w, https:\/\/grg21oe.at\/wp-content\/uploads\/2026\/03\/IMG_8643-1160x2062.jpeg 1160w, https:\/\/grg21oe.at\/wp-content\/uploads\/2026\/03\/IMG_8643-scaled.jpeg 1440w\" sizes=\"(max-width: 200px) 100vw, 200px\" \/>\u00a0 \u00a0 \u00a0 \u00a0 \u00a0 \u00a0 \u00a0 \u00a0 \u00a0 \u00a0 \u00a0 \u00a0 \u00a0 \u00a0 \u00a0 \u00a0 \u00a0 \u00a0 \u00a0 \u00a0 \u00a0 \u00a0 \u00a0 \u00a0 \u00a0 \u00a0 \u00a0 \u00a0 \u00a0 \u00a0<img decoding=\"async\" class=\"wp-image-11444 alignnone\" src=\"https:\/\/grg21oe.at\/wp-content\/uploads\/2026\/03\/IMG_8646-169x300.jpeg\" alt=\"\" width=\"200\" height=\"356\" srcset=\"https:\/\/grg21oe.at\/wp-content\/uploads\/2026\/03\/IMG_8646-169x300.jpeg 169w, https:\/\/grg21oe.at\/wp-content\/uploads\/2026\/03\/IMG_8646-576x1024.jpeg 576w, https:\/\/grg21oe.at\/wp-content\/uploads\/2026\/03\/IMG_8646-768x1365.jpeg 768w, https:\/\/grg21oe.at\/wp-content\/uploads\/2026\/03\/IMG_8646-864x1536.jpeg 864w, https:\/\/grg21oe.at\/wp-content\/uploads\/2026\/03\/IMG_8646-1152x2048.jpeg 1152w, https:\/\/grg21oe.at\/wp-content\/uploads\/2026\/03\/IMG_8646-580x1031.jpeg 580w, https:\/\/grg21oe.at\/wp-content\/uploads\/2026\/03\/IMG_8646-820x1458.jpeg 820w, https:\/\/grg21oe.at\/wp-content\/uploads\/2026\/03\/IMG_8646-1160x2062.jpeg 1160w, https:\/\/grg21oe.at\/wp-content\/uploads\/2026\/03\/IMG_8646-scaled.jpeg 1440w\" sizes=\"(max-width: 200px) 100vw, 200px\" \/>\u00a0 \u00a0 \u00a0 \u00a0 \u00a0 \u00a0 \u00a0 \u00a0 \u00a0 \u00a0 \u00a0 \u00a0 \u00a0 \u00a0 \u00a0 \u00a0 \u00a0 \u00a0 \u00a0 \u00a0 \u00a0 \u00a0 \u00a0 \u00a0 \u00a0 \u00a0 \u00a0 \u00a0 \u00a0 \u00a0 <img loading=\"lazy\" decoding=\"async\" class=\"wp-image-11452 alignnone\" src=\"https:\/\/grg21oe.at\/wp-content\/uploads\/2026\/03\/IMG_8649-1-169x300.jpeg\" alt=\"\" width=\"200\" height=\"356\" srcset=\"https:\/\/grg21oe.at\/wp-content\/uploads\/2026\/03\/IMG_8649-1-169x300.jpeg 169w, https:\/\/grg21oe.at\/wp-content\/uploads\/2026\/03\/IMG_8649-1-576x1024.jpeg 576w, https:\/\/grg21oe.at\/wp-content\/uploads\/2026\/03\/IMG_8649-1-768x1365.jpeg 768w, https:\/\/grg21oe.at\/wp-content\/uploads\/2026\/03\/IMG_8649-1-864x1536.jpeg 864w, https:\/\/grg21oe.at\/wp-content\/uploads\/2026\/03\/IMG_8649-1-1152x2048.jpeg 1152w, https:\/\/grg21oe.at\/wp-content\/uploads\/2026\/03\/IMG_8649-1-580x1031.jpeg 580w, https:\/\/grg21oe.at\/wp-content\/uploads\/2026\/03\/IMG_8649-1-820x1458.jpeg 820w, https:\/\/grg21oe.at\/wp-content\/uploads\/2026\/03\/IMG_8649-1-1160x2062.jpeg 1160w, https:\/\/grg21oe.at\/wp-content\/uploads\/2026\/03\/IMG_8649-1-scaled.jpeg 1440w\" sizes=\"(max-width: 200px) 100vw, 200px\" \/><\/p>\n","protected":false},"excerpt":{"rendered":"<p>Gips gie\u00dfen in der Kreativnabe Im Rahmen des Unterrichts in der Kreativnabe besch\u00e4ftigten wir uns mit dem Thema \u201eGips gie\u00dfen\u201c Unter der Anleitung von Prof. Micheli lernten wir zun\u00e4chst das richtige Mischverh\u00e4ltnis von Gips und Wasser sowie den sorgf\u00e4ltigen Umgang mit Formen. Ein besonderer Schwerpunkt lag auf dem Einf\u00e4rben des Gipses. Durch das Beimischen von&#8230;<\/p>\n","protected":false},"author":14,"featured_media":11445,"comment_status":"closed","ping_status":"closed","sticky":false,"template":"","format":"standard","meta":{"footnotes":""},"categories":[49],"tags":[],"class_list":["post-11442","post","type-post","status-publish","format-standard","has-post-thumbnail","hentry","category-frontseite"],"_links":{"self":[{"href":"https:\/\/grg21oe.at\/index.php?rest_route=\/wp\/v2\/posts\/11442","targetHints":{"allow":["GET"]}}],"collection":[{"href":"https:\/\/grg21oe.at\/index.php?rest_route=\/wp\/v2\/posts"}],"about":[{"href":"https:\/\/grg21oe.at\/index.php?rest_route=\/wp\/v2\/types\/post"}],"author":[{"embeddable":true,"href":"https:\/\/grg21oe.at\/index.php?rest_route=\/wp\/v2\/users\/14"}],"replies":[{"embeddable":true,"href":"https:\/\/grg21oe.at\/index.php?rest_route=%2Fwp%2Fv2%2Fcomments&post=11442"}],"version-history":[{"count":16,"href":"https:\/\/grg21oe.at\/index.php?rest_route=\/wp\/v2\/posts\/11442\/revisions"}],"predecessor-version":[{"id":11463,"href":"https:\/\/grg21oe.at\/index.php?rest_route=\/wp\/v2\/posts\/11442\/revisions\/11463"}],"wp:featuredmedia":[{"embeddable":true,"href":"https:\/\/grg21oe.at\/index.php?rest_route=\/wp\/v2\/media\/11445"}],"wp:attachment":[{"href":"https:\/\/grg21oe.at\/index.php?rest_route=%2Fwp%2Fv2%2Fmedia&parent=11442"}],"wp:term":[{"taxonomy":"category","embeddable":true,"href":"https:\/\/grg21oe.at\/index.php?rest_route=%2Fwp%2Fv2%2Fcategories&post=11442"},{"taxonomy":"post_tag","embeddable":true,"href":"https:\/\/grg21oe.at\/index.php?rest_route=%2Fwp%2Fv2%2Ftags&post=11442"}],"curies":[{"name":"wp","href":"https:\/\/api.w.org\/{rel}","templated":true}]}}