{"id":11433,"date":"2026-03-10T22:11:07","date_gmt":"2026-03-10T21:11:07","guid":{"rendered":"https:\/\/grg21oe.at\/?p=11433"},"modified":"2026-03-10T23:01:25","modified_gmt":"2026-03-10T22:01:25","slug":"projekt-maskottchen-kreativnabe-grg21","status":"publish","type":"post","link":"https:\/\/grg21oe.at\/?p=11433","title":{"rendered":"Projekt Maskottchen \u2013 Kreativnabe GRG21"},"content":{"rendered":"<style type=\"text\/css\"><\/style><p style=\"text-align: center;\"><strong>Projekt Maskottchen \u2013 Kreativnabe GRG21<\/strong><\/p>\n<p style=\"text-align: center;\"><img fetchpriority=\"high\" decoding=\"async\" class=\"aligncenter wp-image-11434 size-medium\" src=\"https:\/\/grg21oe.at\/wp-content\/uploads\/2026\/03\/IMG_8301-scaled-e1773177017198-211x300.jpg\" alt=\"\" width=\"211\" height=\"300\" \/><\/p>\n<p style=\"text-align: center;\"><span data-olk-copy-source=\"MessageBody\">Im Rahmen des Projekts \u201eMaskottchen Kreativnabe\u201c hat jede Sch\u00fclerin und jeder Sch\u00fcler der Kreativnabe einen eigenen Styroporball bemalt. Die individuell bemalten B\u00e4lle sind eine Hommage an die farbenfrohen, ausdrucksstarken Werke von\u00a0<a>Niki de Saint Phalle<\/a>.<\/span><\/p>\n<p style=\"text-align: center;\">Inspiriert von ihrer kraftvollen Formensprache, den leuchtenden Farben und der spielerischen Gestaltung entstand ein gemeinsames Kunstwerk, das die Vielfalt und Kreativit\u00e4t der Sch\u00fcler und Sch\u00fclerinnen widerspiegelt. Jeder Ball erz\u00e4hlt eine eigene Geschichte und bringt die Pers\u00f6nlichkeit jedes Kindes zum Ausdruck.<\/p>\n<p style=\"text-align: center;\">Gemeinsam bilden die gestalteten B\u00e4lle das neue Maskottchen des GRG21 \u2013 ein Symbol f\u00fcr Zusammenhalt, Individualit\u00e4t und f\u00fcr die kreative Energie unserer Schulgemeinschaft.<\/p>\n<p style=\"text-align: center;\"><img decoding=\"async\" class=\"size-medium wp-image-11432 aligncenter\" src=\"https:\/\/grg21oe.at\/wp-content\/uploads\/2026\/03\/IMG_8300-169x300.jpg\" alt=\"\" width=\"169\" height=\"300\" srcset=\"https:\/\/grg21oe.at\/wp-content\/uploads\/2026\/03\/IMG_8300-169x300.jpg 169w, https:\/\/grg21oe.at\/wp-content\/uploads\/2026\/03\/IMG_8300-576x1024.jpg 576w, https:\/\/grg21oe.at\/wp-content\/uploads\/2026\/03\/IMG_8300-768x1365.jpg 768w, https:\/\/grg21oe.at\/wp-content\/uploads\/2026\/03\/IMG_8300-864x1536.jpg 864w, https:\/\/grg21oe.at\/wp-content\/uploads\/2026\/03\/IMG_8300-1152x2048.jpg 1152w, https:\/\/grg21oe.at\/wp-content\/uploads\/2026\/03\/IMG_8300-580x1031.jpg 580w, https:\/\/grg21oe.at\/wp-content\/uploads\/2026\/03\/IMG_8300-820x1458.jpg 820w, https:\/\/grg21oe.at\/wp-content\/uploads\/2026\/03\/IMG_8300-1160x2062.jpg 1160w, https:\/\/grg21oe.at\/wp-content\/uploads\/2026\/03\/IMG_8300-scaled.jpg 1440w\" sizes=\"(max-width: 169px) 100vw, 169px\" \/><\/p>\n","protected":false},"excerpt":{"rendered":"<p>Projekt Maskottchen \u2013 Kreativnabe GRG21 Im Rahmen des Projekts \u201eMaskottchen Kreativnabe\u201c hat jede Sch\u00fclerin und jeder Sch\u00fcler der Kreativnabe einen eigenen Styroporball bemalt. Die individuell bemalten B\u00e4lle sind eine Hommage an die farbenfrohen, ausdrucksstarken Werke von\u00a0Niki de Saint Phalle. Inspiriert von ihrer kraftvollen Formensprache, den leuchtenden Farben und der spielerischen Gestaltung entstand ein gemeinsames Kunstwerk,&#8230;<\/p>\n","protected":false},"author":14,"featured_media":11434,"comment_status":"closed","ping_status":"closed","sticky":false,"template":"","format":"standard","meta":{"footnotes":""},"categories":[49],"tags":[],"class_list":["post-11433","post","type-post","status-publish","format-standard","has-post-thumbnail","hentry","category-frontseite"],"_links":{"self":[{"href":"https:\/\/grg21oe.at\/index.php?rest_route=\/wp\/v2\/posts\/11433","targetHints":{"allow":["GET"]}}],"collection":[{"href":"https:\/\/grg21oe.at\/index.php?rest_route=\/wp\/v2\/posts"}],"about":[{"href":"https:\/\/grg21oe.at\/index.php?rest_route=\/wp\/v2\/types\/post"}],"author":[{"embeddable":true,"href":"https:\/\/grg21oe.at\/index.php?rest_route=\/wp\/v2\/users\/14"}],"replies":[{"embeddable":true,"href":"https:\/\/grg21oe.at\/index.php?rest_route=%2Fwp%2Fv2%2Fcomments&post=11433"}],"version-history":[{"count":6,"href":"https:\/\/grg21oe.at\/index.php?rest_route=\/wp\/v2\/posts\/11433\/revisions"}],"predecessor-version":[{"id":11441,"href":"https:\/\/grg21oe.at\/index.php?rest_route=\/wp\/v2\/posts\/11433\/revisions\/11441"}],"wp:featuredmedia":[{"embeddable":true,"href":"https:\/\/grg21oe.at\/index.php?rest_route=\/wp\/v2\/media\/11434"}],"wp:attachment":[{"href":"https:\/\/grg21oe.at\/index.php?rest_route=%2Fwp%2Fv2%2Fmedia&parent=11433"}],"wp:term":[{"taxonomy":"category","embeddable":true,"href":"https:\/\/grg21oe.at\/index.php?rest_route=%2Fwp%2Fv2%2Fcategories&post=11433"},{"taxonomy":"post_tag","embeddable":true,"href":"https:\/\/grg21oe.at\/index.php?rest_route=%2Fwp%2Fv2%2Ftags&post=11433"}],"curies":[{"name":"wp","href":"https:\/\/api.w.org\/{rel}","templated":true}]}}